{"id":23338,"date":"2019-08-05T11:58:51","date_gmt":"2019-08-05T14:58:51","guid":{"rendered":"https:\/\/www.allthingshair.com\/es-ar\/?p=23338"},"modified":"2019-11-19T16:22:19","modified_gmt":"2019-11-19T19:22:19","slug":"peinados-de-ninos","status":"publish","type":"post","link":"https:\/\/www.allthingshair.com\/es-ar\/peinados-y-cortes-de-pelo\/tendencias\/peinados-de-ninos\/","title":{"rendered":"+10 peinados de ni\u00f1os que volvieron en nuestra adultez"},"content":{"rendered":"<p>Los peinados de ni\u00f1os son siempre c\u00f3modos, divertidos, sencillos y permiten mucho movimiento para jugar. Pero, \u00bfpor qu\u00e9 dejarlos en el pasado? Algunos de ellos, volvieron en nuestra adultez. Por eso, hicimos una galer\u00eda especial para las nost\u00e1lgicas.<\/p>\n<p>Trenzas, <a href=\"https:\/\/www.allthingshair.com\/es-ar\/peinados-y-cortes-de-pelo\/peinados-paso-a-paso\/domina-los-dos-rodetes-altos-o-space-buns-con-este-tutorial\/\">rodetes<\/a>, <a href=\"https:\/\/www.allthingshair.com\/es-ar\/peinados-y-cortes-de-pelo\/recogidos\/colas-de-caballo-tubo\/\">colas de caballo<\/a> y distintos accesorios para volver a esos d\u00edas de inocencia y pocas preocupaciones. Pon\u00e9 tus dibujos animados de la infancia favoritos y preparate para viajar en el tiempo.<\/p>\n<h2>\n\tPeinados de ni\u00f1os para usar hoy<\/h2>\n\n<figure id=\"attachment_23349\" aria-describedby=\"caption-attachment-23349\" style=\"width: 959px\" class=\"wp-caption aligncenter\"><img loading=\"lazy\" decoding=\"async\" class=\"size-full wp-image-23349\" src=\"https:\/\/st4allthings4p4ci.blob.core.windows.net\/allthingshair\/allthingshair\/wp-content\/uploads\/sites\/11\/2019\/08\/peinados-de-nino-11.jpg\" alt=\"peinados de ni\u00f1os scrunchie\" width=\"959\" height=\"1439\" srcset=\"https:\/\/st4allthings4p4ci.blob.core.windows.net\/allthingshair\/allthingshair\/wp-content\/uploads\/sites\/11\/2019\/08\/peinados-de-nino-11.jpg 959w, https:\/\/st4allthings4p4ci.blob.core.windows.net\/allthingshair\/allthingshair\/wp-content\/uploads\/sites\/11\/2019\/08\/peinados-de-nino-11-200x300.jpg 200w, https:\/\/st4allthings4p4ci.blob.core.windows.net\/allthingshair\/allthingshair\/wp-content\/uploads\/sites\/11\/2019\/08\/peinados-de-nino-11-768x1152.jpg 768w, https:\/\/st4allthings4p4ci.blob.core.windows.net\/allthingshair\/allthingshair\/wp-content\/uploads\/sites\/11\/2019\/08\/peinados-de-nino-11-682x1024.jpg 682w, https:\/\/st4allthings4p4ci.blob.core.windows.net\/allthingshair\/allthingshair\/wp-content\/uploads\/sites\/11\/2019\/08\/peinados-de-nino-11-250x375.jpg 250w, https:\/\/st4allthings4p4ci.blob.core.windows.net\/allthingshair\/allthingshair\/wp-content\/uploads\/sites\/11\/2019\/08\/peinados-de-nino-11-377x566.jpg 377w, https:\/\/st4allthings4p4ci.blob.core.windows.net\/allthingshair\/allthingshair\/wp-content\/uploads\/sites\/11\/2019\/08\/peinados-de-nino-11-210x315.jpg 210w, https:\/\/st4allthings4p4ci.blob.core.windows.net\/allthingshair\/allthingshair\/wp-content\/uploads\/sites\/11\/2019\/08\/peinados-de-nino-11-532x798.jpg 532w\" sizes=\"(max-width: 767px) 100vw, 532px\" \/><figcaption id=\"caption-attachment-23349\" class=\"wp-caption-text\">Ayuda a no romper el pelo. Cr\u00e9dito: Shutterstock<\/figcaption><\/figure>\n<h3><em>Scrunchies<\/em><\/h3>\n<p>Los <a href=\"https:\/\/www.allthingshair.com\/es-ar\/peinados-y-cortes-de-pelo\/tendencias\/peinados-con-scrunchies\/\"><em>scrunchies<\/em><\/a> son esos famosos el\u00e1sticos recubiertos en tela que se usaban hace algunas d\u00e9cadas atr\u00e1s en forma de colas de caballo, medias colitas, trenzas o, incluso, en la mu\u00f1eca como un accesorio m\u00e1s. Lo que tienen de beneficioso (aprovechando que volvieron) es que, al ser de tela, no da\u00f1an el pelo como los otros. Adem\u00e1s, vienen en mil patrones distintos para combinar con la ropa.<\/p>\n\n<p><strong>Prob\u00e1:<\/strong> El <a href=\"https:\/\/www.allthingshair.com\/es-ar\/productos\/nexxus-shampoo-youth-renewal\/\">Shampoo<\/a> y <a href=\"https:\/\/www.allthingshair.com\/es-ar\/productos\/nexxus-acondicionador-youth-renewal\/\">Acondicionador Youth Renewal de Nexxus<\/a>, un sistema rejuvenecedor que ayuda a nutrir intensamente el interior de la fibra, al mismo tiempo que fortifica y alinea las cut\u00edculas para un pelo con vitalidad y movimiento natural. Es ideal para mujeres con <a href=\"https:\/\/www.allthingshair.com\/es-ar\/cuidado-del-cabello\/tipos-de-pelo\/como-hacer-que-los-peinados-duren-horas-si-tenes-el-pelo-fino\/\">pelo fino<\/a> y debilitado.<\/p>\n<figure id=\"attachment_23348\" aria-describedby=\"caption-attachment-23348\" style=\"width: 1878px\" class=\"wp-caption aligncenter\"><img loading=\"lazy\" decoding=\"async\" class=\"size-full wp-image-23348\" src=\"https:\/\/st4allthings4p4ci.blob.core.windows.net\/allthingshair\/allthingshair\/wp-content\/uploads\/sites\/11\/2019\/08\/peinados-de-nino-10.jpg\" alt=\"peinados de ni\u00f1os vincha pelo rubio\" width=\"1878\" height=\"2818\" srcset=\"https:\/\/st4allthings4p4ci.blob.core.windows.net\/allthingshair\/allthingshair\/wp-content\/uploads\/sites\/11\/2019\/08\/peinados-de-nino-10.jpg 1878w, https:\/\/st4allthings4p4ci.blob.core.windows.net\/allthingshair\/allthingshair\/wp-content\/uploads\/sites\/11\/2019\/08\/peinados-de-nino-10-200x300.jpg 200w, https:\/\/st4allthings4p4ci.blob.core.windows.net\/allthingshair\/allthingshair\/wp-content\/uploads\/sites\/11\/2019\/08\/peinados-de-nino-10-768x1152.jpg 768w, https:\/\/st4allthings4p4ci.blob.core.windows.net\/allthingshair\/allthingshair\/wp-content\/uploads\/sites\/11\/2019\/08\/peinados-de-nino-10-682x1024.jpg 682w, https:\/\/st4allthings4p4ci.blob.core.windows.net\/allthingshair\/allthingshair\/wp-content\/uploads\/sites\/11\/2019\/08\/peinados-de-nino-10-250x375.jpg 250w, https:\/\/st4allthings4p4ci.blob.core.windows.net\/allthingshair\/allthingshair\/wp-content\/uploads\/sites\/11\/2019\/08\/peinados-de-nino-10-377x566.jpg 377w, https:\/\/st4allthings4p4ci.blob.core.windows.net\/allthingshair\/allthingshair\/wp-content\/uploads\/sites\/11\/2019\/08\/peinados-de-nino-10-210x315.jpg 210w, https:\/\/st4allthings4p4ci.blob.core.windows.net\/allthingshair\/allthingshair\/wp-content\/uploads\/sites\/11\/2019\/08\/peinados-de-nino-10-532x798.jpg 532w\" sizes=\"(max-width: 767px) 100vw, 532px\" \/><figcaption id=\"caption-attachment-23348\" class=\"wp-caption-text\">Volvieron las vinchas. Cr\u00e9dito: Shutterstock<\/figcaption><\/figure>\n<h3>Vinchas y flequillo<\/h3>\n<p>Tenemos un notici\u00f3n: volvieron las<a href=\"https:\/\/www.allthingshair.com\/es-ar\/peinados-y-cortes-de-pelo\/recogidos\/peinados-con-vinchas\/\"> vinchas<\/a>. Las de tela, las estructuradas, todas. Se llevan con el pelo suelto y para un poco m\u00e1s de nostalgia, con <a href=\"https:\/\/www.allthingshair.com\/es-ar\/peinados-y-cortes-de-pelo\/flequillo\/hablemos-del-flequillo-recto-o-deberiamos-llamarlo-flequillo-frances\/\">flequillo recto<\/a>, de costado o abierto.<\/p>\n<figure id=\"attachment_23346\" aria-describedby=\"caption-attachment-23346\" style=\"width: 2000px\" class=\"wp-caption aligncenter\"><img loading=\"lazy\" decoding=\"async\" class=\"wp-image-23346 size-full\" src=\"https:\/\/st4allthings4p4ci.blob.core.windows.net\/allthingshair\/allthingshair\/wp-content\/uploads\/sites\/11\/2019\/08\/peinados-de-nino-8.jpg\" alt=\"peinados de ni\u00f1os mo\u00f1o con rulos\" width=\"2000\" height=\"2466\" srcset=\"https:\/\/st4allthings4p4ci.blob.core.windows.net\/allthingshair\/allthingshair\/wp-content\/uploads\/sites\/11\/2019\/08\/peinados-de-nino-8.jpg 2000w, https:\/\/st4allthings4p4ci.blob.core.windows.net\/allthingshair\/allthingshair\/wp-content\/uploads\/sites\/11\/2019\/08\/peinados-de-nino-8-243x300.jpg 243w, https:\/\/st4allthings4p4ci.blob.core.windows.net\/allthingshair\/allthingshair\/wp-content\/uploads\/sites\/11\/2019\/08\/peinados-de-nino-8-768x947.jpg 768w, https:\/\/st4allthings4p4ci.blob.core.windows.net\/allthingshair\/allthingshair\/wp-content\/uploads\/sites\/11\/2019\/08\/peinados-de-nino-8-831x1024.jpg 831w, https:\/\/st4allthings4p4ci.blob.core.windows.net\/allthingshair\/allthingshair\/wp-content\/uploads\/sites\/11\/2019\/08\/peinados-de-nino-8-280x345.jpg 280w, https:\/\/st4allthings4p4ci.blob.core.windows.net\/allthingshair\/allthingshair\/wp-content\/uploads\/sites\/11\/2019\/08\/peinados-de-nino-8-250x308.jpg 250w, https:\/\/st4allthings4p4ci.blob.core.windows.net\/allthingshair\/allthingshair\/wp-content\/uploads\/sites\/11\/2019\/08\/peinados-de-nino-8-532x656.jpg 532w\" sizes=\"(max-width: 767px) 100vw, 532px\" \/><figcaption id=\"caption-attachment-23346\" class=\"wp-caption-text\">Los lazos nunca fallan. Cr\u00e9dito: Shutterstock<\/figcaption><\/figure>\n<h3>Media cola con lazo<\/h3>\n<p>Las medias colas eran un HIT en la infancia, el peinado de siempre. Le damos una vuelta de tuerca un poco m\u00e1s arreglada con un lazo a modo de detalle, bien femenino. Adem\u00e1s, pod\u00e9s agregar volumen en la coronilla y textura. As\u00ed es como se adaptan los peinados de ni\u00f1os para las no tan ni\u00f1as.<\/p>\n<figure id=\"attachment_23345\" aria-describedby=\"caption-attachment-23345\" style=\"width: 2000px\" class=\"wp-caption aligncenter\"><img loading=\"lazy\" decoding=\"async\" class=\"size-full wp-image-23345\" src=\"https:\/\/st4allthings4p4ci.blob.core.windows.net\/allthingshair\/allthingshair\/wp-content\/uploads\/sites\/11\/2019\/08\/peinados-de-nino-7.jpg\" alt=\"peinados de ni\u00f1os cola de lado\" width=\"2000\" height=\"3000\" srcset=\"https:\/\/st4allthings4p4ci.blob.core.windows.net\/allthingshair\/allthingshair\/wp-content\/uploads\/sites\/11\/2019\/08\/peinados-de-nino-7.jpg 2000w, https:\/\/st4allthings4p4ci.blob.core.windows.net\/allthingshair\/allthingshair\/wp-content\/uploads\/sites\/11\/2019\/08\/peinados-de-nino-7-200x300.jpg 200w, https:\/\/st4allthings4p4ci.blob.core.windows.net\/allthingshair\/allthingshair\/wp-content\/uploads\/sites\/11\/2019\/08\/peinados-de-nino-7-768x1152.jpg 768w, https:\/\/st4allthings4p4ci.blob.core.windows.net\/allthingshair\/allthingshair\/wp-content\/uploads\/sites\/11\/2019\/08\/peinados-de-nino-7-683x1024.jpg 683w, https:\/\/st4allthings4p4ci.blob.core.windows.net\/allthingshair\/allthingshair\/wp-content\/uploads\/sites\/11\/2019\/08\/peinados-de-nino-7-250x375.jpg 250w, https:\/\/st4allthings4p4ci.blob.core.windows.net\/allthingshair\/allthingshair\/wp-content\/uploads\/sites\/11\/2019\/08\/peinados-de-nino-7-377x566.jpg 377w, https:\/\/st4allthings4p4ci.blob.core.windows.net\/allthingshair\/allthingshair\/wp-content\/uploads\/sites\/11\/2019\/08\/peinados-de-nino-7-210x315.jpg 210w, https:\/\/st4allthings4p4ci.blob.core.windows.net\/allthingshair\/allthingshair\/wp-content\/uploads\/sites\/11\/2019\/08\/peinados-de-nino-7-532x798.jpg 532w\" sizes=\"(max-width: 767px) 100vw, 532px\" \/><figcaption id=\"caption-attachment-23345\" class=\"wp-caption-text\">El detalle de la trenza. Cr\u00e9dito: Shutterstock<\/figcaption><\/figure>\n<h3>Cola alta con trenza<\/h3>\n<p>Otro de los peinados de ni\u00f1os que m\u00e1s nos gustan es la cola alta con trenza. Para que quede bien tirante, tir\u00e1 la cabeza hacia abajo y pein\u00e1 con ayuda de la <a href=\"https:\/\/www.allthingshair.com\/es-ar\/productos\/sedal-crema-para-peinar-bomba-de-argan\/\">Crema para Peinar Bomba de Arg\u00e1n de Sedal<\/a>. Luego, con un mech\u00f3n del mismo pelo hac\u00e9 la trenza para agregar un detalle y textura.<\/p>\n<figure id=\"attachment_23344\" aria-describedby=\"caption-attachment-23344\" style=\"width: 2000px\" class=\"wp-caption aligncenter\"><img loading=\"lazy\" decoding=\"async\" class=\"size-full wp-image-23344\" src=\"https:\/\/st4allthings4p4ci.blob.core.windows.net\/allthingshair\/allthingshair\/wp-content\/uploads\/sites\/11\/2019\/08\/peinados-de-nino-6.jpg\" alt=\"peinados de ni\u00f1os dos colitas\" width=\"2000\" height=\"2844\" srcset=\"https:\/\/st4allthings4p4ci.blob.core.windows.net\/allthingshair\/allthingshair\/wp-content\/uploads\/sites\/11\/2019\/08\/peinados-de-nino-6.jpg 2000w, https:\/\/st4allthings4p4ci.blob.core.windows.net\/allthingshair\/allthingshair\/wp-content\/uploads\/sites\/11\/2019\/08\/peinados-de-nino-6-211x300.jpg 211w, https:\/\/st4allthings4p4ci.blob.core.windows.net\/allthingshair\/allthingshair\/wp-content\/uploads\/sites\/11\/2019\/08\/peinados-de-nino-6-768x1092.jpg 768w, https:\/\/st4allthings4p4ci.blob.core.windows.net\/allthingshair\/allthingshair\/wp-content\/uploads\/sites\/11\/2019\/08\/peinados-de-nino-6-720x1024.jpg 720w, https:\/\/st4allthings4p4ci.blob.core.windows.net\/allthingshair\/allthingshair\/wp-content\/uploads\/sites\/11\/2019\/08\/peinados-de-nino-6-250x355.jpg 250w, https:\/\/st4allthings4p4ci.blob.core.windows.net\/allthingshair\/allthingshair\/wp-content\/uploads\/sites\/11\/2019\/08\/peinados-de-nino-6-532x756.jpg 532w\" sizes=\"(max-width: 767px) 100vw, 532px\" \/><figcaption id=\"caption-attachment-23344\" class=\"wp-caption-text\">Perfecto para festivales. Cr\u00e9dito: Shutterstock<\/figcaption><\/figure>\n<h3>Dos colitas<\/h3>\n<p>Las dos colitas son uno de los peinados de ni\u00f1os m\u00e1s tradicionales. Si pensabas que no se pod\u00edan usar m\u00e1s&#8230;. est\u00e1s equivocada. Nos encanta como <a href=\"https:\/\/www.allthingshair.com\/es-ar\/peinados-y-cortes-de-pelo\/trenzas\/lucite-con-estos-peinados-con-trenzas-para-festivales\/\">peinado para festivales<\/a>, agregando <a href=\"https:\/\/www.allthingshair.com\/es-ar\/peinados-y-cortes-de-pelo\/peinados-paso-a-paso\/como-aplicar-glitter-en-el-pelo\/\">glitter en el pelo<\/a>. Muy divertido.<\/p>\n<figure id=\"attachment_23343\" aria-describedby=\"caption-attachment-23343\" style=\"width: 2000px\" class=\"wp-caption aligncenter\"><img loading=\"lazy\" decoding=\"async\" class=\"size-full wp-image-23343\" src=\"https:\/\/st4allthings4p4ci.blob.core.windows.net\/allthingshair\/allthingshair\/wp-content\/uploads\/sites\/11\/2019\/08\/peinados-de-nino-5.jpg\" alt=\"media colita con mo\u00f1o peinados de ni\u00f1os\" width=\"2000\" height=\"2265\" srcset=\"https:\/\/st4allthings4p4ci.blob.core.windows.net\/allthingshair\/allthingshair\/wp-content\/uploads\/sites\/11\/2019\/08\/peinados-de-nino-5.jpg 2000w, https:\/\/st4allthings4p4ci.blob.core.windows.net\/allthingshair\/allthingshair\/wp-content\/uploads\/sites\/11\/2019\/08\/peinados-de-nino-5-265x300.jpg 265w, https:\/\/st4allthings4p4ci.blob.core.windows.net\/allthingshair\/allthingshair\/wp-content\/uploads\/sites\/11\/2019\/08\/peinados-de-nino-5-768x870.jpg 768w, https:\/\/st4allthings4p4ci.blob.core.windows.net\/allthingshair\/allthingshair\/wp-content\/uploads\/sites\/11\/2019\/08\/peinados-de-nino-5-904x1024.jpg 904w, https:\/\/st4allthings4p4ci.blob.core.windows.net\/allthingshair\/allthingshair\/wp-content\/uploads\/sites\/11\/2019\/08\/peinados-de-nino-5-250x283.jpg 250w, https:\/\/st4allthings4p4ci.blob.core.windows.net\/allthingshair\/allthingshair\/wp-content\/uploads\/sites\/11\/2019\/08\/peinados-de-nino-5-532x602.jpg 532w\" sizes=\"(max-width: 767px) 100vw, 532px\" \/><figcaption id=\"caption-attachment-23343\" class=\"wp-caption-text\">Como Blancanieves. Cr\u00e9dito: Shutterstock<\/figcaption><\/figure>\n<h3>La media colita<\/h3>\n<p>Un peinado que no solo es c\u00f3modo y rom\u00e1ntico sino tambi\u00e9n muy elegante y chic&#8230;. S\u00ed, hablamos de la media colita con mo\u00f1o. Los <a href=\"https:\/\/www.allthingshair.com\/es-ar\/peinados-y-cortes-de-pelo\/tendencias\/5-formas-diferentes-de-usar-monos-en-el-pelo\/\">mo\u00f1os en el pelo<\/a> regresaron con todo y esta es una opci\u00f3n madura y dulce para adoptarlos. Recog\u00e9 apenas un mech\u00f3n peque\u00f1o de la parte de arriba. Perfecto para las chicas con <a href=\"https:\/\/www.allthingshair.com\/es-ar\/corte-bob\/\">corte bob<\/a>.<\/p>\n<figure id=\"attachment_23342\" aria-describedby=\"caption-attachment-23342\" style=\"width: 1996px\" class=\"wp-caption aligncenter\"><img loading=\"lazy\" decoding=\"async\" class=\"size-full wp-image-23342\" src=\"https:\/\/st4allthings4p4ci.blob.core.windows.net\/allthingshair\/allthingshair\/wp-content\/uploads\/sites\/11\/2019\/08\/peinados-de-nino-4.jpg\" alt=\"peinados de ni\u00f1os dos trenzas\" width=\"1996\" height=\"3000\" srcset=\"https:\/\/st4allthings4p4ci.blob.core.windows.net\/allthingshair\/allthingshair\/wp-content\/uploads\/sites\/11\/2019\/08\/peinados-de-nino-4.jpg 1996w, https:\/\/st4allthings4p4ci.blob.core.windows.net\/allthingshair\/allthingshair\/wp-content\/uploads\/sites\/11\/2019\/08\/peinados-de-nino-4-200x300.jpg 200w, https:\/\/st4allthings4p4ci.blob.core.windows.net\/allthingshair\/allthingshair\/wp-content\/uploads\/sites\/11\/2019\/08\/peinados-de-nino-4-768x1154.jpg 768w, https:\/\/st4allthings4p4ci.blob.core.windows.net\/allthingshair\/allthingshair\/wp-content\/uploads\/sites\/11\/2019\/08\/peinados-de-nino-4-681x1024.jpg 681w, https:\/\/st4allthings4p4ci.blob.core.windows.net\/allthingshair\/allthingshair\/wp-content\/uploads\/sites\/11\/2019\/08\/peinados-de-nino-4-250x376.jpg 250w, https:\/\/st4allthings4p4ci.blob.core.windows.net\/allthingshair\/allthingshair\/wp-content\/uploads\/sites\/11\/2019\/08\/peinados-de-nino-4-377x566.jpg 377w, https:\/\/st4allthings4p4ci.blob.core.windows.net\/allthingshair\/allthingshair\/wp-content\/uploads\/sites\/11\/2019\/08\/peinados-de-nino-4-210x315.jpg 210w, https:\/\/st4allthings4p4ci.blob.core.windows.net\/allthingshair\/allthingshair\/wp-content\/uploads\/sites\/11\/2019\/08\/peinados-de-nino-4-532x800.jpg 532w\" sizes=\"(max-width: 767px) 100vw, 532px\" \/><figcaption id=\"caption-attachment-23342\" class=\"wp-caption-text\"><em>Baby bangs<\/em> bien retro. Cr\u00e9dito: Shutterstock<\/figcaption><\/figure>\n<h3>Dos trenzas<\/h3>\n<p>De los creadores de las dos colitas, llegan las <a href=\"https:\/\/www.allthingshair.com\/es-ar\/peinados-y-cortes-de-pelo\/trenzas\/a-falta-de-una-looks-con-dos-trenzas\/\">dos trenzas<\/a>. Acompa\u00f1adas con <a href=\"https:\/\/www.allthingshair.com\/es-ar\/peinados-y-cortes-de-pelo\/flequillo\/mini-flequillo\/\">microflequillo o <em>baby bangs<\/em><\/a>, dan un aire muy retro e inocente. Adem\u00e1s, pod\u00e9s usar esto como base para hacer una <a href=\"https:\/\/www.allthingshair.com\/es-ar\/peinados-y-cortes-de-pelo\/peinados-paso-a-paso\/trenza-corona-paso-a-paso\/\">trenza corona<\/a>. Dos en uno.<\/p>\n<figure id=\"attachment_23341\" aria-describedby=\"caption-attachment-23341\" style=\"width: 1740px\" class=\"wp-caption aligncenter\"><img loading=\"lazy\" decoding=\"async\" class=\"size-full wp-image-23341\" src=\"https:\/\/st4allthings4p4ci.blob.core.windows.net\/allthingshair\/allthingshair\/wp-content\/uploads\/sites\/11\/2019\/08\/peinados-de-nino-3.jpg\" alt=\"peinados de ni\u00f1os rodetes\" width=\"1740\" height=\"2356\" srcset=\"https:\/\/st4allthings4p4ci.blob.core.windows.net\/allthingshair\/allthingshair\/wp-content\/uploads\/sites\/11\/2019\/08\/peinados-de-nino-3.jpg 1740w, https:\/\/st4allthings4p4ci.blob.core.windows.net\/allthingshair\/allthingshair\/wp-content\/uploads\/sites\/11\/2019\/08\/peinados-de-nino-3-222x300.jpg 222w, https:\/\/st4allthings4p4ci.blob.core.windows.net\/allthingshair\/allthingshair\/wp-content\/uploads\/sites\/11\/2019\/08\/peinados-de-nino-3-768x1040.jpg 768w, https:\/\/st4allthings4p4ci.blob.core.windows.net\/allthingshair\/allthingshair\/wp-content\/uploads\/sites\/11\/2019\/08\/peinados-de-nino-3-756x1024.jpg 756w, https:\/\/st4allthings4p4ci.blob.core.windows.net\/allthingshair\/allthingshair\/wp-content\/uploads\/sites\/11\/2019\/08\/peinados-de-nino-3-250x339.jpg 250w, https:\/\/st4allthings4p4ci.blob.core.windows.net\/allthingshair\/allthingshair\/wp-content\/uploads\/sites\/11\/2019\/08\/peinados-de-nino-3-256x348.jpg 256w, https:\/\/st4allthings4p4ci.blob.core.windows.net\/allthingshair\/allthingshair\/wp-content\/uploads\/sites\/11\/2019\/08\/peinados-de-nino-3-532x720.jpg 532w\" sizes=\"(max-width: 767px) 100vw, 532px\" \/><figcaption id=\"caption-attachment-23341\" class=\"wp-caption-text\">Muy noventas. Cr\u00e9dito: Shutterstock<\/figcaption><\/figure>\n<h3><em>Space buns<\/em><\/h3>\n<p>Probablemente, m\u00e1s que uno de los peinados de ni\u00f1os, este es un peinado que te transporta a la adolescencia. Pero lo extra\u00f1amos igual, as\u00ed que menos mal que volvi\u00f3.\u00a0Los <em><a href=\"https:\/\/www.allthingshair.com\/es-ar\/peinados-y-cortes-de-pelo\/recogidos\/inspiraciones-de-space-buns\/\">space buns<\/a><\/em> son muy f\u00e1ciles de usar y son ideales para los meses de calor, ya que despejan la cara.<\/p>\n<figure id=\"attachment_23340\" aria-describedby=\"caption-attachment-23340\" style=\"width: 2000px\" class=\"wp-caption aligncenter\"><img loading=\"lazy\" decoding=\"async\" class=\"size-full wp-image-23340\" src=\"https:\/\/st4allthings4p4ci.blob.core.windows.net\/allthingshair\/allthingshair\/wp-content\/uploads\/sites\/11\/2019\/08\/peinados-de-nino-2.jpg\" alt=\"trenza detalle peinados de ni\u00f1os pelo rubio\" width=\"2000\" height=\"1863\" srcset=\"https:\/\/st4allthings4p4ci.blob.core.windows.net\/allthingshair\/allthingshair\/wp-content\/uploads\/sites\/11\/2019\/08\/peinados-de-nino-2.jpg 2000w, https:\/\/st4allthings4p4ci.blob.core.windows.net\/allthingshair\/allthingshair\/wp-content\/uploads\/sites\/11\/2019\/08\/peinados-de-nino-2-300x279.jpg 300w, https:\/\/st4allthings4p4ci.blob.core.windows.net\/allthingshair\/allthingshair\/wp-content\/uploads\/sites\/11\/2019\/08\/peinados-de-nino-2-768x715.jpg 768w, https:\/\/st4allthings4p4ci.blob.core.windows.net\/allthingshair\/allthingshair\/wp-content\/uploads\/sites\/11\/2019\/08\/peinados-de-nino-2-1024x954.jpg 1024w, https:\/\/st4allthings4p4ci.blob.core.windows.net\/allthingshair\/allthingshair\/wp-content\/uploads\/sites\/11\/2019\/08\/peinados-de-nino-2-250x233.jpg 250w, https:\/\/st4allthings4p4ci.blob.core.windows.net\/allthingshair\/allthingshair\/wp-content\/uploads\/sites\/11\/2019\/08\/peinados-de-nino-2-532x495.jpg 532w\" sizes=\"(max-width: 767px) 100vw, 532px\" \/><figcaption id=\"caption-attachment-23340\" class=\"wp-caption-text\">Peinado en cinco minutos. Cr\u00e9dito: Shutterstock<\/figcaption><\/figure>\n<h3>Trenzas acento<\/h3>\n<p>Para las que prefieren llevar el pelo suelto, ac\u00e1 hay una opci\u00f3n genial. Tom\u00e1 dos mechones del flequillo, trenzalos en la forma que quieras y sujet\u00e1 con clips. Le da ese toque distinto al peinado de siempre y tiene ese esp\u00edritu entra\u00f1able de los peinados de ni\u00f1os.<\/p>\n<figure id=\"attachment_23339\" aria-describedby=\"caption-attachment-23339\" style=\"width: 2000px\" class=\"wp-caption aligncenter\"><img loading=\"lazy\" decoding=\"async\" class=\"size-full wp-image-23339\" src=\"https:\/\/st4allthings4p4ci.blob.core.windows.net\/allthingshair\/allthingshair\/wp-content\/uploads\/sites\/11\/2019\/08\/peinados-de-nino-1.jpg\" alt=\"trenza de lado peinados de ni\u00f1os\" width=\"2000\" height=\"2810\" srcset=\"https:\/\/st4allthings4p4ci.blob.core.windows.net\/allthingshair\/allthingshair\/wp-content\/uploads\/sites\/11\/2019\/08\/peinados-de-nino-1.jpg 2000w, https:\/\/st4allthings4p4ci.blob.core.windows.net\/allthingshair\/allthingshair\/wp-content\/uploads\/sites\/11\/2019\/08\/peinados-de-nino-1-214x300.jpg 214w, https:\/\/st4allthings4p4ci.blob.core.windows.net\/allthingshair\/allthingshair\/wp-content\/uploads\/sites\/11\/2019\/08\/peinados-de-nino-1-768x1079.jpg 768w, https:\/\/st4allthings4p4ci.blob.core.windows.net\/allthingshair\/allthingshair\/wp-content\/uploads\/sites\/11\/2019\/08\/peinados-de-nino-1-729x1024.jpg 729w, https:\/\/st4allthings4p4ci.blob.core.windows.net\/allthingshair\/allthingshair\/wp-content\/uploads\/sites\/11\/2019\/08\/peinados-de-nino-1-250x351.jpg 250w, https:\/\/st4allthings4p4ci.blob.core.windows.net\/allthingshair\/allthingshair\/wp-content\/uploads\/sites\/11\/2019\/08\/peinados-de-nino-1-532x747.jpg 532w\" sizes=\"(max-width: 767px) 100vw, 532px\" \/><figcaption id=\"caption-attachment-23339\" class=\"wp-caption-text\">Actualizala cambiando de t\u00e9cnica. Cr\u00e9dito: Shutterstock<\/figcaption><\/figure>\n<h3>La trenza de lado<\/h3>\n<p>La <a href=\"https:\/\/www.allthingshair.com\/es-ar\/peinados-y-cortes-de-pelo\/trenzas\/inspiracion-trenzas-de-lado\/\">trenza de lado<\/a> o de costado era otro del repertorio de los peinados de ni\u00f1os\u00a0 de siempre. Actualizala cambiando la trenza com\u00fan por una <a href=\"https:\/\/www.allthingshair.com\/es-ar\/peinados-y-cortes-de-pelo\/trenzas\/peinados-protagonizados-por-la-trenza-espiga\/\">trenza espiga<\/a> y tapando el el\u00e1stico con el mismo cabello. <em>Voil\u00e1!<\/em><\/p>\n<figure id=\"attachment_23347\" aria-describedby=\"caption-attachment-23347\" style=\"width: 2000px\" class=\"wp-caption aligncenter\"><img loading=\"lazy\" decoding=\"async\" class=\"size-full wp-image-23347\" src=\"https:\/\/st4allthings4p4ci.blob.core.windows.net\/allthingshair\/allthingshair\/wp-content\/uploads\/sites\/11\/2019\/08\/peinados-de-nino-9.jpg\" alt=\"peinados de ni\u00f1os hebillas pelo largo\" width=\"2000\" height=\"1511\" srcset=\"https:\/\/st4allthings4p4ci.blob.core.windows.net\/allthingshair\/allthingshair\/wp-content\/uploads\/sites\/11\/2019\/08\/peinados-de-nino-9.jpg 2000w, https:\/\/st4allthings4p4ci.blob.core.windows.net\/allthingshair\/allthingshair\/wp-content\/uploads\/sites\/11\/2019\/08\/peinados-de-nino-9-300x227.jpg 300w, https:\/\/st4allthings4p4ci.blob.core.windows.net\/allthingshair\/allthingshair\/wp-content\/uploads\/sites\/11\/2019\/08\/peinados-de-nino-9-768x580.jpg 768w, https:\/\/st4allthings4p4ci.blob.core.windows.net\/allthingshair\/allthingshair\/wp-content\/uploads\/sites\/11\/2019\/08\/peinados-de-nino-9-1024x773.jpg 1024w, https:\/\/st4allthings4p4ci.blob.core.windows.net\/allthingshair\/allthingshair\/wp-content\/uploads\/sites\/11\/2019\/08\/peinados-de-nino-9-250x189.jpg 250w, https:\/\/st4allthings4p4ci.blob.core.windows.net\/allthingshair\/allthingshair\/wp-content\/uploads\/sites\/11\/2019\/08\/peinados-de-nino-9-532x402.jpg 532w\" sizes=\"(max-width: 767px) 100vw, 532px\" \/><figcaption id=\"caption-attachment-23347\" class=\"wp-caption-text\">Hebillas XXL Cr\u00e9dito: Shutterstock<\/figcaption><\/figure>\n<h3>Las hebillas<\/h3>\n<p>Clips, <a href=\"https:\/\/www.allthingshair.com\/es-ar\/peinados-y-cortes-de-pelo\/tendencias\/hebillas-para-el-pelo\/\">hebillas<\/a>, ganchitos mariposa, todos esos formaron parte de nuestra infancia y ahora volvieron. Esta vez en materiales <em>aggiornados<\/em> como <a href=\"https:\/\/www.allthingshair.com\/es-ar\/peinados-y-cortes-de-pelo\/tendencias\/ideas-de-peinados-con-perlas\/\">perlas<\/a> o n\u00e1car, pero con la misma facilidad para combinarlos y jugar con tu look.<\/p>\n\n<p><strong>Prob\u00e1<\/strong>: la <a href=\"https:\/\/www.allthingshair.com\/es-ar\/productos\/tresemme-crema-para-peinar-antifrizz\/\">Crema para Peinar Antifrizz de TRESemm\u00e9<\/a>, una crema ligera que deja el pelo con brillo, protegido y sin frizz.<\/p>\n\n\n","protected":false},"excerpt":{"rendered":"<p><em>Nivel de nostalgia: 1000.<\/em><\/p>\n","protected":false},"author":119,"featured_media":23347,"comment_status":"open","ping_status":"open","sticky":false,"template":"","format":"standard","meta":{"_acf_changed":false,"footnotes":""},"categories":[21,2],"tags":[],"global_tags":[245,6698,97,99],"rich_web_tag":[],"acf":[],"yoast_head":"<!-- This site is optimized with the Yoast SEO Premium plugin v22.0 (Yoast SEO v22.0) - https:\/\/yoast.com\/wordpress\/plugins\/seo\/ -->\n<title>Los peinados de ni\u00f1os que volvieron con fuerza en nuestra adultez | All Things Hair AR<\/title>\n<meta name=\"description\" content=\"APor qu\u00e9 dejarlos en el pasado si podemos seguir usando estos peinados de ni\u00f1os. Te mostramos c\u00f3mo llevarlos de grandes. \u00bfS\u00edndrome de Peter Pan? No, se\u00f1or.\" \/>\n<meta name=\"robots\" content=\"index, follow, max-snippet:-1, max-image-preview:large, max-video-preview:-1\" \/>\n<link rel=\"canonical\" href=\"https:\/\/www.allthingshair.com\/es-ar\/peinados-y-cortes-de-pelo\/tendencias\/peinados-de-ninos\/\" \/>\n<meta property=\"og:locale\" content=\"es_ES\" \/>\n<meta property=\"og:type\" content=\"article\" \/>\n<meta property=\"og:title\" content=\"+10 peinados de ni\u00f1os que volvieron en nuestra adultez\" \/>\n<meta property=\"og:description\" content=\"APor qu\u00e9 dejarlos en el pasado si podemos seguir usando estos peinados de ni\u00f1os. Te mostramos c\u00f3mo llevarlos de grandes. \u00bfS\u00edndrome de Peter Pan? No, se\u00f1or.\" \/>\n<meta property=\"og:url\" content=\"https:\/\/www.allthingshair.com\/es-ar\/peinados-y-cortes-de-pelo\/tendencias\/peinados-de-ninos\/\" \/>\n<meta property=\"og:site_name\" content=\"All Things Hair Argentina\" \/>\n<meta property=\"article:publisher\" content=\"https:\/\/www.facebook.com\/allthingshairargentina\/\" \/>\n<meta property=\"article:published_time\" content=\"2019-08-05T14:58:51+00:00\" \/>\n<meta property=\"article:modified_time\" content=\"2019-11-19T19:22:19+00:00\" \/>\n<meta property=\"og:image\" content=\"https:\/\/ath2.unileverservices.com\/wp-content\/uploads\/sites\/11\/2019\/08\/peinados-de-nino-9.jpg\" \/>\n\t<meta property=\"og:image:width\" content=\"2000\" \/>\n\t<meta property=\"og:image:height\" content=\"1511\" \/>\n\t<meta property=\"og:image:type\" content=\"image\/jpeg\" \/>\n<meta name=\"author\" content=\"Juliana\" \/>\n<meta name=\"twitter:card\" content=\"summary_large_image\" \/>\n<meta name=\"twitter:creator\" content=\"@YouAreMyBezoar\" \/>\n<meta name=\"twitter:label1\" content=\"Escrito por\" \/>\n\t<meta name=\"twitter:data1\" content=\"Juliana\" \/>\n\t<meta name=\"twitter:label2\" content=\"Tiempo de lectura\" \/>\n\t<meta name=\"twitter:data2\" content=\"5 minutos\" \/>\n<script type=\"application\/ld+json\" class=\"yoast-schema-graph\">{\"@context\":\"https:\/\/schema.org\",\"@graph\":[{\"@type\":\"Article\",\"@id\":\"https:\/\/www.allthingshair.com\/es-ar\/peinados-y-cortes-de-pelo\/tendencias\/peinados-de-ninos\/#article\",\"isPartOf\":{\"@id\":\"https:\/\/www.allthingshair.com\/es-ar\/peinados-y-cortes-de-pelo\/tendencias\/peinados-de-ninos\/\"},\"author\":{\"name\":\"Juliana\",\"@id\":\"https:\/\/www.allthingshair.com\/es-ar\/#\/schema\/person\/14ca1328ea8d374dfdeecf33a4a95e8d\"},\"headline\":\"+10 peinados de ni\u00f1os que volvieron en nuestra adultez\",\"datePublished\":\"2019-08-05T14:58:51+00:00\",\"dateModified\":\"2019-11-19T19:22:19+00:00\",\"mainEntityOfPage\":{\"@id\":\"https:\/\/www.allthingshair.com\/es-ar\/peinados-y-cortes-de-pelo\/tendencias\/peinados-de-ninos\/\"},\"wordCount\":931,\"commentCount\":0,\"publisher\":{\"@id\":\"https:\/\/www.allthingshair.com\/es-ar\/#organization\"},\"articleSection\":[\"Pelo largo\",\"Tendencias\"],\"inLanguage\":\"es-AR\",\"potentialAction\":[{\"@type\":\"CommentAction\",\"name\":\"Comment\",\"target\":[\"https:\/\/www.allthingshair.com\/es-ar\/peinados-y-cortes-de-pelo\/tendencias\/peinados-de-ninos\/#respond\"]}]},{\"@type\":\"WebPage\",\"@id\":\"https:\/\/www.allthingshair.com\/es-ar\/peinados-y-cortes-de-pelo\/tendencias\/peinados-de-ninos\/\",\"url\":\"https:\/\/www.allthingshair.com\/es-ar\/peinados-y-cortes-de-pelo\/tendencias\/peinados-de-ninos\/\",\"name\":\"Los peinados de ni\u00f1os que volvieron con fuerza en nuestra adultez\",\"isPartOf\":{\"@id\":\"https:\/\/www.allthingshair.com\/es-ar\/#website\"},\"datePublished\":\"2019-08-05T14:58:51+00:00\",\"dateModified\":\"2019-11-19T19:22:19+00:00\",\"description\":\"APor qu\u00e9 dejarlos en el pasado si podemos seguir usando estos peinados de ni\u00f1os. Te mostramos c\u00f3mo llevarlos de grandes. \u00bfS\u00edndrome de Peter Pan? No, se\u00f1or.\",\"breadcrumb\":{\"@id\":\"https:\/\/www.allthingshair.com\/es-ar\/peinados-y-cortes-de-pelo\/tendencias\/peinados-de-ninos\/#breadcrumb\"},\"inLanguage\":\"es-AR\",\"potentialAction\":[{\"@type\":\"ReadAction\",\"target\":[\"https:\/\/www.allthingshair.com\/es-ar\/peinados-y-cortes-de-pelo\/tendencias\/peinados-de-ninos\/\"]}]},{\"@type\":\"BreadcrumbList\",\"@id\":\"https:\/\/www.allthingshair.com\/es-ar\/peinados-y-cortes-de-pelo\/tendencias\/peinados-de-ninos\/#breadcrumb\",\"itemListElement\":[{\"@type\":\"ListItem\",\"position\":1,\"name\":\"Home\",\"item\":\"https:\/\/www.allthingshair.com\/es-ar\/\"},{\"@type\":\"ListItem\",\"position\":2,\"name\":\"Peinados\",\"item\":\"https:\/\/www.allthingshair.com\/es-ar\/peinados-y-cortes-de-pelo\/\"},{\"@type\":\"ListItem\",\"position\":3,\"name\":\"Tendencias\",\"item\":\"https:\/\/www.allthingshair.com\/es-ar\/peinados-y-cortes-de-pelo\/tendencias\/\"},{\"@type\":\"ListItem\",\"position\":4,\"name\":\"+10 peinados de ni\u00f1os que volvieron en nuestra adultez\"}]},{\"@type\":\"WebSite\",\"@id\":\"https:\/\/www.allthingshair.com\/es-ar\/#website\",\"url\":\"https:\/\/www.allthingshair.com\/es-ar\/\",\"name\":\"All Things Hair Argentina\",\"description\":\"\",\"publisher\":{\"@id\":\"https:\/\/www.allthingshair.com\/es-ar\/#organization\"},\"potentialAction\":[{\"@type\":\"SearchAction\",\"target\":{\"@type\":\"EntryPoint\",\"urlTemplate\":\"https:\/\/www.allthingshair.com\/es-ar\/?s={search_term_string}\"},\"query-input\":\"required name=search_term_string\"}],\"inLanguage\":\"es-AR\"},{\"@type\":\"Organization\",\"@id\":\"https:\/\/www.allthingshair.com\/es-ar\/#organization\",\"name\":\"All Things Hair Argentina\",\"url\":\"https:\/\/www.allthingshair.com\/es-ar\/\",\"logo\":{\"@type\":\"ImageObject\",\"inLanguage\":\"es-AR\",\"@id\":\"https:\/\/www.allthingshair.com\/es-ar\/#\/schema\/logo\/image\/\",\"url\":\"https:\/\/ath2.unileverservices.com\/wp-content\/uploads\/sites\/11\/2019\/07\/branding.png\",\"contentUrl\":\"https:\/\/ath2.unileverservices.com\/wp-content\/uploads\/sites\/11\/2019\/07\/branding.png\",\"width\":100,\"height\":100,\"caption\":\"All Things Hair Argentina\"},\"image\":{\"@id\":\"https:\/\/www.allthingshair.com\/es-ar\/#\/schema\/logo\/image\/\"},\"sameAs\":[\"https:\/\/www.facebook.com\/allthingshairargentina\/\",\"https:\/\/www.instagram.com\/allthingshairesp\/\",\"https:\/\/www.pinterest.com\/AllThingsHair\/\",\"https:\/\/www.youtube.com\/channel\/UCx2XIM8upt3qKOmQZrlDaOQ\"]},{\"@type\":\"Person\",\"@id\":\"https:\/\/www.allthingshair.com\/es-ar\/#\/schema\/person\/14ca1328ea8d374dfdeecf33a4a95e8d\",\"name\":\"Juliana\",\"image\":{\"@type\":\"ImageObject\",\"inLanguage\":\"es-AR\",\"@id\":\"https:\/\/www.allthingshair.com\/es-ar\/#\/schema\/person\/image\/\",\"url\":\"https:\/\/secure.gravatar.com\/avatar\/ca400196d4b4895812c5a7be21e4648f?s=96&d=mm&r=g\",\"contentUrl\":\"https:\/\/secure.gravatar.com\/avatar\/ca400196d4b4895812c5a7be21e4648f?s=96&d=mm&r=g\",\"caption\":\"Juliana\"},\"description\":\"Nuestra escritora es Blogger de moda y belleza desde 2009. Ama el chocolate amargo, el pelo de colores y las historias sobre pa\u00ed\u00adses llenos de maravillas y magos que viven debajo de las escaleras.\",\"sameAs\":[\"https:\/\/www.instagram.com\/intravenous_sugar\/\",\"https:\/\/twitter.com\/YouAreMyBezoar\"],\"url\":\"https:\/\/www.allthingshair.com\/es-ar\/author\/julianaborobio\/\"}]}<\/script>\n<!-- \/ Yoast SEO Premium plugin. -->","yoast_head_json":{"title":"Los peinados de ni\u00f1os que volvieron con fuerza en nuestra adultez | All Things Hair AR","description":"APor qu\u00e9 dejarlos en el pasado si podemos seguir usando estos peinados de ni\u00f1os. Te mostramos c\u00f3mo llevarlos de grandes. \u00bfS\u00edndrome de Peter Pan? No, se\u00f1or.","robots":{"index":"index","follow":"follow","max-snippet":"max-snippet:-1","max-image-preview":"max-image-preview:large","max-video-preview":"max-video-preview:-1"},"canonical":"https:\/\/www.allthingshair.com\/es-ar\/peinados-y-cortes-de-pelo\/tendencias\/peinados-de-ninos\/","og_locale":"es_ES","og_type":"article","og_title":"+10 peinados de ni\u00f1os que volvieron en nuestra adultez","og_description":"APor qu\u00e9 dejarlos en el pasado si podemos seguir usando estos peinados de ni\u00f1os. Te mostramos c\u00f3mo llevarlos de grandes. \u00bfS\u00edndrome de Peter Pan? No, se\u00f1or.","og_url":"https:\/\/www.allthingshair.com\/es-ar\/peinados-y-cortes-de-pelo\/tendencias\/peinados-de-ninos\/","og_site_name":"All Things Hair Argentina","article_publisher":"https:\/\/www.facebook.com\/allthingshairargentina\/","article_published_time":"2019-08-05T14:58:51+00:00","article_modified_time":"2019-11-19T19:22:19+00:00","og_image":[{"width":2000,"height":1511,"url":"https:\/\/ath2.unileverservices.com\/wp-content\/uploads\/sites\/11\/2019\/08\/peinados-de-nino-9.jpg","type":"image\/jpeg"}],"author":"Juliana","twitter_card":"summary_large_image","twitter_creator":"@YouAreMyBezoar","twitter_misc":{"Escrito por":"Juliana","Tiempo de lectura":"5 minutos"},"schema":{"@context":"https:\/\/schema.org","@graph":[{"@type":"Article","@id":"https:\/\/www.allthingshair.com\/es-ar\/peinados-y-cortes-de-pelo\/tendencias\/peinados-de-ninos\/#article","isPartOf":{"@id":"https:\/\/www.allthingshair.com\/es-ar\/peinados-y-cortes-de-pelo\/tendencias\/peinados-de-ninos\/"},"author":{"name":"Juliana","@id":"https:\/\/www.allthingshair.com\/es-ar\/#\/schema\/person\/14ca1328ea8d374dfdeecf33a4a95e8d"},"headline":"+10 peinados de ni\u00f1os que volvieron en nuestra adultez","datePublished":"2019-08-05T14:58:51+00:00","dateModified":"2019-11-19T19:22:19+00:00","mainEntityOfPage":{"@id":"https:\/\/www.allthingshair.com\/es-ar\/peinados-y-cortes-de-pelo\/tendencias\/peinados-de-ninos\/"},"wordCount":931,"commentCount":0,"publisher":{"@id":"https:\/\/www.allthingshair.com\/es-ar\/#organization"},"articleSection":["Pelo largo","Tendencias"],"inLanguage":"es-AR","potentialAction":[{"@type":"CommentAction","name":"Comment","target":["https:\/\/www.allthingshair.com\/es-ar\/peinados-y-cortes-de-pelo\/tendencias\/peinados-de-ninos\/#respond"]}]},{"@type":"WebPage","@id":"https:\/\/www.allthingshair.com\/es-ar\/peinados-y-cortes-de-pelo\/tendencias\/peinados-de-ninos\/","url":"https:\/\/www.allthingshair.com\/es-ar\/peinados-y-cortes-de-pelo\/tendencias\/peinados-de-ninos\/","name":"Los peinados de ni\u00f1os que volvieron con fuerza en nuestra adultez","isPartOf":{"@id":"https:\/\/www.allthingshair.com\/es-ar\/#website"},"datePublished":"2019-08-05T14:58:51+00:00","dateModified":"2019-11-19T19:22:19+00:00","description":"APor qu\u00e9 dejarlos en el pasado si podemos seguir usando estos peinados de ni\u00f1os. Te mostramos c\u00f3mo llevarlos de grandes. \u00bfS\u00edndrome de Peter Pan? No, se\u00f1or.","breadcrumb":{"@id":"https:\/\/www.allthingshair.com\/es-ar\/peinados-y-cortes-de-pelo\/tendencias\/peinados-de-ninos\/#breadcrumb"},"inLanguage":"es-AR","potentialAction":[{"@type":"ReadAction","target":["https:\/\/www.allthingshair.com\/es-ar\/peinados-y-cortes-de-pelo\/tendencias\/peinados-de-ninos\/"]}]},{"@type":"BreadcrumbList","@id":"https:\/\/www.allthingshair.com\/es-ar\/peinados-y-cortes-de-pelo\/tendencias\/peinados-de-ninos\/#breadcrumb","itemListElement":[{"@type":"ListItem","position":1,"name":"Home","item":"https:\/\/www.allthingshair.com\/es-ar\/"},{"@type":"ListItem","position":2,"name":"Peinados","item":"https:\/\/www.allthingshair.com\/es-ar\/peinados-y-cortes-de-pelo\/"},{"@type":"ListItem","position":3,"name":"Tendencias","item":"https:\/\/www.allthingshair.com\/es-ar\/peinados-y-cortes-de-pelo\/tendencias\/"},{"@type":"ListItem","position":4,"name":"+10 peinados de ni\u00f1os que volvieron en nuestra adultez"}]},{"@type":"WebSite","@id":"https:\/\/www.allthingshair.com\/es-ar\/#website","url":"https:\/\/www.allthingshair.com\/es-ar\/","name":"All Things Hair Argentina","description":"","publisher":{"@id":"https:\/\/www.allthingshair.com\/es-ar\/#organization"},"potentialAction":[{"@type":"SearchAction","target":{"@type":"EntryPoint","urlTemplate":"https:\/\/www.allthingshair.com\/es-ar\/?s={search_term_string}"},"query-input":"required name=search_term_string"}],"inLanguage":"es-AR"},{"@type":"Organization","@id":"https:\/\/www.allthingshair.com\/es-ar\/#organization","name":"All Things Hair Argentina","url":"https:\/\/www.allthingshair.com\/es-ar\/","logo":{"@type":"ImageObject","inLanguage":"es-AR","@id":"https:\/\/www.allthingshair.com\/es-ar\/#\/schema\/logo\/image\/","url":"https:\/\/ath2.unileverservices.com\/wp-content\/uploads\/sites\/11\/2019\/07\/branding.png","contentUrl":"https:\/\/ath2.unileverservices.com\/wp-content\/uploads\/sites\/11\/2019\/07\/branding.png","width":100,"height":100,"caption":"All Things Hair Argentina"},"image":{"@id":"https:\/\/www.allthingshair.com\/es-ar\/#\/schema\/logo\/image\/"},"sameAs":["https:\/\/www.facebook.com\/allthingshairargentina\/","https:\/\/www.instagram.com\/allthingshairesp\/","https:\/\/www.pinterest.com\/AllThingsHair\/","https:\/\/www.youtube.com\/channel\/UCx2XIM8upt3qKOmQZrlDaOQ"]},{"@type":"Person","@id":"https:\/\/www.allthingshair.com\/es-ar\/#\/schema\/person\/14ca1328ea8d374dfdeecf33a4a95e8d","name":"Juliana","image":{"@type":"ImageObject","inLanguage":"es-AR","@id":"https:\/\/www.allthingshair.com\/es-ar\/#\/schema\/person\/image\/","url":"https:\/\/secure.gravatar.com\/avatar\/ca400196d4b4895812c5a7be21e4648f?s=96&d=mm&r=g","contentUrl":"https:\/\/secure.gravatar.com\/avatar\/ca400196d4b4895812c5a7be21e4648f?s=96&d=mm&r=g","caption":"Juliana"},"description":"Nuestra escritora es Blogger de moda y belleza desde 2009. Ama el chocolate amargo, el pelo de colores y las historias sobre pa\u00ed\u00adses llenos de maravillas y magos que viven debajo de las escaleras.","sameAs":["https:\/\/www.instagram.com\/intravenous_sugar\/","https:\/\/twitter.com\/YouAreMyBezoar"],"url":"https:\/\/www.allthingshair.com\/es-ar\/author\/julianaborobio\/"}]}},"_links":{"self":[{"href":"https:\/\/www.allthingshair.com\/es-ar\/wp-json\/wp\/v2\/posts\/23338"}],"collection":[{"href":"https:\/\/www.allthingshair.com\/es-ar\/wp-json\/wp\/v2\/posts"}],"about":[{"href":"https:\/\/www.allthingshair.com\/es-ar\/wp-json\/wp\/v2\/types\/post"}],"author":[{"embeddable":true,"href":"https:\/\/www.allthingshair.com\/es-ar\/wp-json\/wp\/v2\/users\/119"}],"replies":[{"embeddable":true,"href":"https:\/\/www.allthingshair.com\/es-ar\/wp-json\/wp\/v2\/comments?post=23338"}],"version-history":[{"count":5,"href":"https:\/\/www.allthingshair.com\/es-ar\/wp-json\/wp\/v2\/posts\/23338\/revisions"}],"predecessor-version":[{"id":51522,"href":"https:\/\/www.allthingshair.com\/es-ar\/wp-json\/wp\/v2\/posts\/23338\/revisions\/51522"}],"wp:featuredmedia":[{"embeddable":true,"href":"https:\/\/www.allthingshair.com\/es-ar\/wp-json\/wp\/v2\/media\/23347"}],"wp:attachment":[{"href":"https:\/\/www.allthingshair.com\/es-ar\/wp-json\/wp\/v2\/media?parent=23338"}],"wp:term":[{"taxonomy":"category","embeddable":true,"href":"https:\/\/www.allthingshair.com\/es-ar\/wp-json\/wp\/v2\/categories?post=23338"},{"taxonomy":"post_tag","embeddable":true,"href":"https:\/\/www.allthingshair.com\/es-ar\/wp-json\/wp\/v2\/tags?post=23338"},{"taxonomy":"global_tags","embeddable":true,"href":"https:\/\/www.allthingshair.com\/es-ar\/wp-json\/wp\/v2\/global_tags?post=23338"},{"taxonomy":"rich_web_tag","embeddable":true,"href":"https:\/\/www.allthingshair.com\/es-ar\/wp-json\/wp\/v2\/rich_web_tag?post=23338"}],"curies":[{"name":"wp","href":"https:\/\/api.w.org\/{rel}","templated":true}]}}